{"id":1988,"date":"2026-04-30T08:42:25","date_gmt":"2026-04-30T08:42:25","guid":{"rendered":"https:\/\/brain.hr\/?p=1988"},"modified":"2026-04-30T08:44:56","modified_gmt":"2026-04-30T08:44:56","slug":"podijelite-svoje-iskustvo-postanite-predavac-na-webinarima-nastavnici-za-nastavnike","status":"publish","type":"post","link":"https:\/\/brain.hr\/en\/podijelite-svoje-iskustvo-postanite-predavac-na-webinarima-nastavnici-za-nastavnike\/","title":{"rendered":"Podijelite svoje iskustvo: postanite predava\u010d na webinarima Nastavnici za nastavnike"},"content":{"rendered":"<p><strong>Pozivamo nastavnike koji provode kurikul \u201eUmjetna inteligencija: od koncepta do primjene\u201c da se prijave kao predava\u010di na webinarima \u201eNastavnici za nastavnike\u201c. Prijave su otvorene do 10. svibnja 2026. godine.<\/strong><\/p>\n\n\n\n<hr class=\"wp-block-separator has-alpha-channel-opacity\"\/>\n\n\n\n<p>U okviru projekta BrAIn nastavlja se provedba webinara Nastavnici za nastavnike, a ovim putem upu\u0107ujemo poziv nastavnicima da se uklju\u010de kao predava\u010di.<\/p>\n\n\n\n<p>Program je namijenjen nastavnicima koji provode kurikul \u201e<a href=\"https:\/\/brain.hr\/en\/kurikuli\/\">Artificial Intelligence: From Concept to Application<\/a>\u201c te \u017eele svoja iskustva, ideje i primjere dobre prakse podijeliti s kolegicama i kolegama.<\/p>\n\n\n\n<h2 class=\"wp-block-heading\">\u0160to tra\u017eimo?<\/h2>\n\n\n\n<p>Pozivamo vas da prijavite izlaganja na sljede\u0107e teme:<\/p>\n\n\n\n<ul class=\"wp-block-list\">\n<li>primjeri dobre prakse i ideje za provedbu nastavnih aktivnosti usmjerenih na ostvarivanje odgojno-obrazovnih ishoda kurikula izvannastavne aktivnosti i fakultativnog predmeta \u201eUmjetna inteligencija: od koncepta do primjene\u201c<\/li>\n\n\n\n<li>teme koje nisu izravno vezane uz ishode kurikula, ali su klju\u010dne za njegovu provedbu, poput:\n<ul class=\"wp-block-list\">\n<li>izazova provedbe<\/li>\n\n\n\n<li>iskustava, potreba i motivacije u\u010denika i nastavnika<\/li>\n\n\n\n<li>(ne)sigurnosti i osna\u017eivanja nastavnika<\/li>\n\n\n\n<li>dijeljenja i objave obrazovnih sadr\u017eaja na Edutoriju i dr.<\/li>\n<\/ul>\n<\/li>\n<\/ul>\n\n\n\n<h2 class=\"wp-block-heading\"><strong>Uvjeti i na\u010din sudjelovanja <\/strong><\/h2>\n\n\n\n<p>Organizaciju i tehni\u010dku podr\u0161ku osigurava CARNET. Svaki webinar sastoji se od \u010detiri kra\u0107a predavanja u trajanju od 15 do 20 minuta.<\/p>\n\n\n\n<p>Predava\u010di se odabiru prema redoslijedu zaprimanja prijava (najvi\u0161e 20 autora), a odabrani autori naknadno \u0107e se prijavljivati za termine odr\u017eavanja webinara.<\/p>\n\n\n\n<p>Svi predava\u010di dobit \u0107e potvrdu o sudjelovanju u kategoriji \u201ePredavanja, radionice i edukacije\u201c za odr\u017eano predavanje na dr\u017eavnoj razini.<\/p>\n\n\n\n<p><strong>Raspored webinara<\/strong><\/p>\n\n\n\n<ol class=\"wp-block-list\">\n<li>Nastavnici za nastavnike 14, 27. svibnja u 13:00<\/li>\n\n\n\n<li>Nastavnici za nastavnike 15, 3. lipnja u 10:00<\/li>\n\n\n\n<li>Nastavnici za nastavnike 16, 10. lipnja u 13:00<\/li>\n\n\n\n<li>Nastavnici za nastavnike 17, 17. lipnja u 10:00<\/li>\n\n\n\n<li>Nastavnici za nastavnike 18, 24. lipnja u 13:00.<\/li>\n<\/ol>\n\n\n\n<h2 class=\"wp-block-heading\">Kako se prijaviti?<\/h2>\n\n\n\n<p>Svoje izlaganje prijavite putem prijavnog upitnika najkasnije do 10. svibnja 2026. godine.<\/p>\n\n\n\n<p>Iskoristite priliku za razmjenu znanja i doprinesite razvoju zajednice nastavnika u podru\u010dju primjene umjetne inteligencije u nastavi.<\/p>\n\n\n\n<p>Napominjemo kako \u0107e se provedba webinara nastaviti i dalje te \u0107e sljede\u0107i poziv za odabir predava\u010da biti objavljen po\u010detkom \u0161kolske godine 2026.\/2027.<\/p>\n\n\n\n<p><\/p>\n\n\n\n<div class=\"wp-block-buttons is-content-justification-center is-layout-flex wp-container-core-buttons-is-layout-16018d1d wp-block-buttons-is-layout-flex\">\n<div class=\"wp-block-button\"><a class=\"wp-block-button__link wp-element-button\" href=\"https:\/\/docs.google.com\/forms\/d\/e\/1FAIpQLSfE32S0pHsJT_0BUHz9jBv76iwuNrYH_iEAtndE2DV6g5RcsQ\/viewform\">Prijavni upitnik<\/a><\/div>\n<\/div>","protected":false},"excerpt":{"rendered":"<p>Pozivamo nastavnike koji provode kurikul \u201eUmjetna inteligencija: od koncepta do primjene\u201c da se prijave kao predava\u010di na webinarima \u201eNastavnici za nastavnike\u201c. Prijave su otvorene do 10. svibnja 2026. godine. U okviru projekta BrAIn nastavlja se provedba webinara Nastavnici za nastavnike, a ovim putem upu\u0107ujemo poziv nastavnicima da se uklju\u010de kao predava\u010di. Program je namijenjen nastavnicima [&hellip;]<\/p>\n","protected":false},"author":8,"featured_media":1991,"comment_status":"open","ping_status":"closed","sticky":false,"template":"","format":"standard","meta":{"_acf_changed":false,"_et_pb_use_builder":"off","_et_pb_old_content":"","_et_gb_content_width":"","footnotes":""},"categories":[1],"tags":[],"class_list":["post-1988","post","type-post","status-publish","format-standard","has-post-thumbnail","hentry","category-novosti"],"acf":{"radovi_source_url":"","radovi_button_label":"Pro\u010ditajte izvorni rad"},"_links":{"self":[{"href":"https:\/\/brain.hr\/en\/wp-json\/wp\/v2\/posts\/1988","targetHints":{"allow":["GET"]}}],"collection":[{"href":"https:\/\/brain.hr\/en\/wp-json\/wp\/v2\/posts"}],"about":[{"href":"https:\/\/brain.hr\/en\/wp-json\/wp\/v2\/types\/post"}],"author":[{"embeddable":true,"href":"https:\/\/brain.hr\/en\/wp-json\/wp\/v2\/users\/8"}],"replies":[{"embeddable":true,"href":"https:\/\/brain.hr\/en\/wp-json\/wp\/v2\/comments?post=1988"}],"version-history":[{"count":2,"href":"https:\/\/brain.hr\/en\/wp-json\/wp\/v2\/posts\/1988\/revisions"}],"predecessor-version":[{"id":1992,"href":"https:\/\/brain.hr\/en\/wp-json\/wp\/v2\/posts\/1988\/revisions\/1992"}],"wp:featuredmedia":[{"embeddable":true,"href":"https:\/\/brain.hr\/en\/wp-json\/wp\/v2\/media\/1991"}],"wp:attachment":[{"href":"https:\/\/brain.hr\/en\/wp-json\/wp\/v2\/media?parent=1988"}],"wp:term":[{"taxonomy":"category","embeddable":true,"href":"https:\/\/brain.hr\/en\/wp-json\/wp\/v2\/categories?post=1988"},{"taxonomy":"post_tag","embeddable":true,"href":"https:\/\/brain.hr\/en\/wp-json\/wp\/v2\/tags?post=1988"}],"curies":[{"name":"wp","href":"https:\/\/api.w.org\/{rel}","templated":true}]}}